{"id":2181,"date":"2022-12-13T11:05:23","date_gmt":"2022-12-13T10:05:23","guid":{"rendered":"https:\/\/hsloeningen.de\/?p=2181"},"modified":"2022-12-13T11:05:25","modified_gmt":"2022-12-13T10:05:25","slug":"betriebsbesichtigung-der-firma-remmers","status":"publish","type":"post","link":"https:\/\/hsloeningen.de\/?p=2181","title":{"rendered":"Betriebsbesichtigung der Firma Remmers"},"content":{"rendered":"<div class=\"pdfprnt-buttons pdfprnt-buttons-post pdfprnt-top-right\"><a href=\"https:\/\/hsloeningen.de\/index.php?rest_route=%2Fwp%2Fv2%2Fposts%2F2181&print=pdf\" class=\"pdfprnt-button pdfprnt-button-pdf\" target=\"_blank\" ><img decoding=\"async\" src=\"https:\/\/hsloeningen.de\/wp-content\/plugins\/pdf-print\/images\/pdf.png\" alt=\"image_pdf\" title=\"PDF anzeigen\" \/><\/a><a href=\"https:\/\/hsloeningen.de\/index.php?rest_route=%2Fwp%2Fv2%2Fposts%2F2181&print=print\" class=\"pdfprnt-button pdfprnt-button-print\" target=\"_blank\" ><img decoding=\"async\" src=\"https:\/\/hsloeningen.de\/wp-content\/plugins\/pdf-print\/images\/print.png\" alt=\"image_print\" title=\"Inhalt drucken\" \/><\/a><\/div>\n<p class=\"s7\"><span class=\"s4\">Am Donnerstag<\/span><span class=\"s4\">,<\/span><span class=\"s4\"> den 8. Dezember gewannen die Sch\u00fclerinnen und Sch\u00fcler der 10. Klassen einen <\/span><span class=\"s6\">intensiven Einblick in das <\/span><span class=\"s6\">familiengef\u00fchrte Unternehmen Remmers am Standort in <\/span><span class=\"s6\">L\u00f6ningen<\/span><span class=\"s6\">. <\/span><\/p>\n<p class=\"s7\"><span class=\"s6\">Von Personalreferentin Doris Wolke erhielten sie ausgiebige Informationen zu den verschiedenen von Remmers angebotenen Ausbildungsberufen<\/span><span class=\"s6\"> und von den vielf\u00e4ltigen T\u00e4tigkeitsbereichen des Unternehmens<\/span><span class=\"s6\">.<\/span> <span class=\"s6\">Laut Frau Wolke bildet seit Jahrzehnten bei Remmers aus und bietet in gewerblichen und kaufm\u00e4nnischen Berufsfeldern erstklassige berufliche \u00dcbernahmeperspektiven f\u00fcr junge Menschen.<\/span><\/p>\n<p class=\"s7\"><span class=\"s6\">W\u00e4hrend e<\/span><span class=\"s6\">ines Firmenrundgangs machten die Jungen und M\u00e4dchen&nbsp;<\/span><span class=\"s6\">an diversen Stationen im Unterne<\/span><span class=\"s6\">hmen halt, u.a. <\/span><span class=\"s6\">in der Halle f\u00fcr die Produktion von<\/span><span class=\"s6\"> Farben und Lacke<\/span><span class=\"s6\">. Au\u00dferdem besuchten die junge<\/span><span class=\"s6\">n Leute <\/span><span class=\"s6\">das zentrale Logistikunternehmen der Remmers Gruppe. An jeder Station erhielten Sie Informationen zu den Aufgaben und T\u00e4tigkeiten vor Ort und hatten Gelegenheit eigene Frag<\/span><span class=\"s6\">en an die Mi<\/span><span class=\"s6\">tarbeiter zu richten. <\/span><\/p>\n<p class=\"s7\"><span class=\"s9\">Zum Abschluss stellte die Vertretung der Personalabteilung das Bewerbungsverfahren f\u00fcr Auszubildende des Unternehmens vor und erl\u00e4uterte den <\/span><span class=\"s9\">Sch\u00fclerInnen<\/span><span class=\"s9\"> die Wichtigkeit des schulischen Arbeits- und Sozialverhaltens f\u00fcr die Auswahl der zuk\u00fcnftigen <\/span><span class=\"s9\">MitarbeiterInnen<\/span><span class=\"s9\">.<\/span><\/p>\n<p>Vielen Dank an die Firma Remmers f\u00fcr die M\u00f6glichkeit, den Sch\u00fclerinnen und Sch\u00fclern einen Einblick in Ihren Betrieb zu erhalten.<\/p>\n<p><a href=\"https:\/\/hsloeningen.de\/wp-content\/uploads\/2022\/12\/B69E2533-F1D4-4D8E-8C4E-DFEC261C8969.jpeg\"><img loading=\"lazy\" decoding=\"async\" class=\"aligncenter size-full wp-image-2172\" src=\"https:\/\/hsloeningen.de\/wp-content\/uploads\/2022\/12\/B69E2533-F1D4-4D8E-8C4E-DFEC261C8969.jpeg\" alt=\"\" width=\"1599\" height=\"1200\" srcset=\"https:\/\/hsloeningen.de\/wp-content\/uploads\/2022\/12\/B69E2533-F1D4-4D8E-8C4E-DFEC261C8969.jpeg 1599w, https:\/\/hsloeningen.de\/wp-content\/uploads\/2022\/12\/B69E2533-F1D4-4D8E-8C4E-DFEC261C8969-300x225.jpeg 300w, https:\/\/hsloeningen.de\/wp-content\/uploads\/2022\/12\/B69E2533-F1D4-4D8E-8C4E-DFEC261C8969-1024x768.jpeg 1024w, https:\/\/hsloeningen.de\/wp-content\/uploads\/2022\/12\/B69E2533-F1D4-4D8E-8C4E-DFEC261C8969-768x576.jpeg 768w, https:\/\/hsloeningen.de\/wp-content\/uploads\/2022\/12\/B69E2533-F1D4-4D8E-8C4E-DFEC261C8969-1536x1153.jpeg 1536w, https:\/\/hsloeningen.de\/wp-content\/uploads\/2022\/12\/B69E2533-F1D4-4D8E-8C4E-DFEC261C8969-1170x878.jpeg 1170w\" sizes=\"auto, (max-width: 1599px) 100vw, 1599px\" \/><\/a><a href=\"https:\/\/hsloeningen.de\/wp-content\/uploads\/2022\/12\/5ED216AA-9C4B-4B30-B1B9-EB05A97374A3.jpeg\"><br><\/a><\/p>\n\n\n","protected":false},"excerpt":{"rendered":"","protected":false},"author":8,"featured_media":0,"comment_status":"closed","ping_status":"closed","sticky":false,"template":"","format":"standard","meta":{"footnotes":""},"categories":[1],"tags":[],"class_list":["post-2181","post","type-post","status-publish","format-standard","hentry","category-allgemein"],"_links":{"self":[{"href":"https:\/\/hsloeningen.de\/index.php?rest_route=\/wp\/v2\/posts\/2181","targetHints":{"allow":["GET"]}}],"collection":[{"href":"https:\/\/hsloeningen.de\/index.php?rest_route=\/wp\/v2\/posts"}],"about":[{"href":"https:\/\/hsloeningen.de\/index.php?rest_route=\/wp\/v2\/types\/post"}],"author":[{"embeddable":true,"href":"https:\/\/hsloeningen.de\/index.php?rest_route=\/wp\/v2\/users\/8"}],"replies":[{"embeddable":true,"href":"https:\/\/hsloeningen.de\/index.php?rest_route=%2Fwp%2Fv2%2Fcomments&post=2181"}],"version-history":[{"count":1,"href":"https:\/\/hsloeningen.de\/index.php?rest_route=\/wp\/v2\/posts\/2181\/revisions"}],"predecessor-version":[{"id":2182,"href":"https:\/\/hsloeningen.de\/index.php?rest_route=\/wp\/v2\/posts\/2181\/revisions\/2182"}],"wp:attachment":[{"href":"https:\/\/hsloeningen.de\/index.php?rest_route=%2Fwp%2Fv2%2Fmedia&parent=2181"}],"wp:term":[{"taxonomy":"category","embeddable":true,"href":"https:\/\/hsloeningen.de\/index.php?rest_route=%2Fwp%2Fv2%2Fcategories&post=2181"},{"taxonomy":"post_tag","embeddable":true,"href":"https:\/\/hsloeningen.de\/index.php?rest_route=%2Fwp%2Fv2%2Ftags&post=2181"}],"curies":[{"name":"wp","href":"https:\/\/api.w.org\/{rel}","templated":true}]}}